{"id":635,"date":"2015-11-10T23:41:07","date_gmt":"2015-11-10T22:41:07","guid":{"rendered":"http:\/\/internet-maerchen.de\/mobile\/?p=635"},"modified":"2026-01-24T22:50:02","modified_gmt":"2026-01-24T21:50:02","slug":"hans-heiratet","status":"publish","type":"post","link":"https:\/\/internet-maerchen.de\/mobile\/hans-heiratet\/","title":{"rendered":"Hans heiratet"},"content":{"rendered":"<p>Gebr. Grimm<br \/>\n<!--more--><\/p>\n<p align=\"JUSTIFY\"><span style=\"font-family: Verdana;\">Es war einmal ein junger Bauer, der hie\u00df Hans, dem wollte sein Vetter gern eine reiche Frau werben. Da setzte er den Hans hinter den Ofen und lie\u00df ihn gut einheizen. Dann holte er einen Topf Milch und eine gute Menge Wei\u00dfbrot, gab ihm einen neugem\u00fcnzten gl\u00e4nzenden Heller in die Hand und sprach &#8218;Hans, den Heller da halt fest, und das Wei\u00dfbrot, das brocke in die Milch, und bleib da sitzen, und geh mir nicht von der Stelle bis ich wiederkomme.&#8216; &#8218;Ja,&#8216; sprach der Hans, &#8218;das will ich alles ausrichten.&#8216; Nun zog der Werber ein paar alte verplackte Hosen an, ging ins andere Dorf zu einer reichen Bauerntochter und sprach &#8218;wollt Ihr nicht meinen Vetter Hans heiraten? Ihr kriegt einen wackern und gescheiten Mann, der Euch gefallen wird.&#8216; Fragte der geizige Vater &#8218;wie sieht\u2019s aus mit seinem Verm\u00f6gen? hat er auch was einzubrocken?&#8216; &#8218;Lieber Freund,&#8216; antwortete der Werber, &#8218;mein junger Vetter sitzt warm, hat einen guten sch\u00f6nen Pfennig in der Hand, und hat wohl einzubrocken. Er sollte auch nicht weniger Placken (wie man die G\u00fcter nannte) z\u00e4hlen als ich,&#8216; und schlug sich dabei auf seine geplackte Hose. &#8218;Wollt Ihr Euch die M\u00fche nehmen, mit mir hinzugehen, soll Euch zur Stunde gezeigt werden, dass alles so ist, wie ich sage.&#8216; Da wollte der Geizhals die gute Gelegenheit nicht fahren lassen und sprach &#8218;wenn dem so ist, so habe ich weiter nichts gegen die Heirat.&#8216; Nun ward die Hochzeit an dem bestimmten Tag gefeiert, und als die junge Frau ins Feld gehen und die G\u00fcter des Br\u00e4utigams sehen wollte, zog Hans erst sein sonnt\u00e4gliches Kleid aus und seinen verplackten Kittel an und sprach &#8218;ich k\u00f6nnte mir das gute Kleid verunehren.&#8216; Da gingen sie zusammen ins Feld, und wo sich auf dem Weg der Weinstock abzeichnete, oder \u00c4cker und Wiesen abgeteilt waren, deutete Hans mit dem Finger und schlug dann an einen gro\u00dfen oder kleinen Placken seines Kittels und sprach &#8218;der Placken ist mein und jener auch, mein Schatz, schauet nur danach,&#8216; und wollte damit sag en, die Frau sollte nicht in das weite Feld gaffen, sondern auf sein Kleid schauen, das w\u00e4re sein eigen.<\/span><\/p>\n<p align=\"JUSTIFY\"><span style=\"font-family: Verdana;\">&#8218;Bist du auch auf der Hochzeit gewesen?, &#8218;Jawohl bin ich darauf gewesen, und in vollem Staat. Mein Kopfputz war von Schnee, da kam die Sonne, und er ist mir abgeschmolzen; mein Kleid war von Spinneweb, da kam ich durch Dornen, die rissen mir es ab; meine Pantoffel waren von Glas, da stie\u00df ich an einen Stein, da sagten sie klink! und sprangen entzwei.&#8216;<\/span><\/p>\n","protected":false},"excerpt":{"rendered":"<p>Gebr. Grimm<\/p>\n","protected":false},"author":1,"featured_media":0,"comment_status":"closed","ping_status":"closed","sticky":false,"template":"","format":"standard","meta":{"pgc_sgb_lightbox_settings":"","footnotes":""},"categories":[87,85],"tags":[],"class_list":["post-635","post","type-post","status-publish","format-standard","hentry","category-gebr-grimm","category-maerchen"],"_links":{"self":[{"href":"https:\/\/internet-maerchen.de\/mobile\/wp-json\/wp\/v2\/posts\/635","targetHints":{"allow":["GET"]}}],"collection":[{"href":"https:\/\/internet-maerchen.de\/mobile\/wp-json\/wp\/v2\/posts"}],"about":[{"href":"https:\/\/internet-maerchen.de\/mobile\/wp-json\/wp\/v2\/types\/post"}],"author":[{"embeddable":true,"href":"https:\/\/internet-maerchen.de\/mobile\/wp-json\/wp\/v2\/users\/1"}],"replies":[{"embeddable":true,"href":"https:\/\/internet-maerchen.de\/mobile\/wp-json\/wp\/v2\/comments?post=635"}],"version-history":[{"count":1,"href":"https:\/\/internet-maerchen.de\/mobile\/wp-json\/wp\/v2\/posts\/635\/revisions"}],"predecessor-version":[{"id":636,"href":"https:\/\/internet-maerchen.de\/mobile\/wp-json\/wp\/v2\/posts\/635\/revisions\/636"}],"wp:attachment":[{"href":"https:\/\/internet-maerchen.de\/mobile\/wp-json\/wp\/v2\/media?parent=635"}],"wp:term":[{"taxonomy":"category","embeddable":true,"href":"https:\/\/internet-maerchen.de\/mobile\/wp-json\/wp\/v2\/categories?post=635"},{"taxonomy":"post_tag","embeddable":true,"href":"https:\/\/internet-maerchen.de\/mobile\/wp-json\/wp\/v2\/tags?post=635"}],"curies":[{"name":"wp","href":"https:\/\/api.w.org\/{rel}","templated":true}]}}