{"id":626,"date":"2015-11-03T22:45:08","date_gmt":"2015-11-03T21:45:08","guid":{"rendered":"http:\/\/internet-maerchen.de\/mobile\/?p=626"},"modified":"2026-01-24T22:46:15","modified_gmt":"2026-01-24T21:46:15","slug":"vom-haenschen-und-gretchen-die-in-die-roten-beeren-gingen","status":"publish","type":"post","link":"https:\/\/internet-maerchen.de\/mobile\/vom-haenschen-und-gretchen-die-in-die-roten-beeren-gingen\/","title":{"rendered":"Vom H\u00e4nschen und Gretchen, die in die roten Beeren gingen"},"content":{"rendered":"<p>Ludwig Bechstein<br \/>\n<!--more--><br \/>\nH\u00e4nschen und Gretchen waren noch kleine Kinder, als sie einmal miteinander hinaus in den Wald gingen, um rote Beeren zu suchen. jedes hatte ein T\u00f6pfchen.<\/p>\n<p>Ehe sie den Wald erreichten, kamen sie an einen Teich, darinnen gar sch\u00f6ne Fischchen herumschwammen, die aussahen wie das blanke Silber. Davon fingen sich die Kinder einige, und taten sie in ihre T\u00f6pfchen; dann pfl\u00fcckten sie im Wald noch gar viele rote Beeren und taten sie hinein zu den Fischen, bis das T\u00f6pfchen ganz voll war. Dann fanden sie zwei sch\u00f6ne Messerchen, und die legten sie oben darauf.<\/p>\n<p>Aber, als sie eine kleine Strecke durch den Wald gegangen waren, sahen sie einen gro\u00dfen B\u00e4ren entgegen kommen; da f\u00fcrchteten sie sich sehr, und versteckten sich, und lie\u00dfen in der Eile ihre T\u00f6pfchen zur\u00fcck, die der B\u00e4r, als er herbei kam, mitsamt den Fischen und Beeren auffra\u00df. Und auch die Messerchen verschluckte er. Dann tappte er wieder fort.<\/p>\n<p>Die Kinder, als sie sich wieder hervorwagten aus ihrem Versteck, und sahen dass ihre Fische und Beeren und T\u00f6pfe und Messer gefressen waren, fingen sie sehr an zu weinen, und gingen nach Hause, und sagten es ihrem Vater. Der machte sich schnell auf, nahm ein langes Messer mit, ging hinaus in den Wald, und schnitt dem B\u00e4ren den Leib auf, und tat alles wieder heraus: die Beeren, die Fischchen, die T\u00f6pfchen und Messerchen und gab es seinem H\u00e4nschen und Gretchen wieder.<\/p>\n<p>Da waren die Kinder voll Fr\u00f6hlichkeit, und trugen ihre T\u00f6pfchen heim, und a\u00dfen die roten Beeren, und a\u00dfen ihre Fischchen, und spielten mit den sch\u00f6nen Messerchen.<\/p>\n","protected":false},"excerpt":{"rendered":"<p>Ludwig Bechstein<\/p>\n","protected":false},"author":1,"featured_media":0,"comment_status":"closed","ping_status":"closed","sticky":false,"template":"","format":"standard","meta":{"pgc_sgb_lightbox_settings":"","footnotes":""},"categories":[90,85],"tags":[],"class_list":["post-626","post","type-post","status-publish","format-standard","hentry","category-ludwig-bechstein","category-maerchen"],"_links":{"self":[{"href":"https:\/\/internet-maerchen.de\/mobile\/wp-json\/wp\/v2\/posts\/626","targetHints":{"allow":["GET"]}}],"collection":[{"href":"https:\/\/internet-maerchen.de\/mobile\/wp-json\/wp\/v2\/posts"}],"about":[{"href":"https:\/\/internet-maerchen.de\/mobile\/wp-json\/wp\/v2\/types\/post"}],"author":[{"embeddable":true,"href":"https:\/\/internet-maerchen.de\/mobile\/wp-json\/wp\/v2\/users\/1"}],"replies":[{"embeddable":true,"href":"https:\/\/internet-maerchen.de\/mobile\/wp-json\/wp\/v2\/comments?post=626"}],"version-history":[{"count":1,"href":"https:\/\/internet-maerchen.de\/mobile\/wp-json\/wp\/v2\/posts\/626\/revisions"}],"predecessor-version":[{"id":627,"href":"https:\/\/internet-maerchen.de\/mobile\/wp-json\/wp\/v2\/posts\/626\/revisions\/627"}],"wp:attachment":[{"href":"https:\/\/internet-maerchen.de\/mobile\/wp-json\/wp\/v2\/media?parent=626"}],"wp:term":[{"taxonomy":"category","embeddable":true,"href":"https:\/\/internet-maerchen.de\/mobile\/wp-json\/wp\/v2\/categories?post=626"},{"taxonomy":"post_tag","embeddable":true,"href":"https:\/\/internet-maerchen.de\/mobile\/wp-json\/wp\/v2\/tags?post=626"}],"curies":[{"name":"wp","href":"https:\/\/api.w.org\/{rel}","templated":true}]}}