{"id":610,"date":"2015-11-03T22:33:34","date_gmt":"2015-11-03T21:33:34","guid":{"rendered":"http:\/\/internet-maerchen.de\/mobile\/?p=610"},"modified":"2026-01-24T22:29:26","modified_gmt":"2026-01-24T21:29:26","slug":"der-alte-grossvater-und-der-enkel","status":"publish","type":"post","link":"https:\/\/internet-maerchen.de\/mobile\/der-alte-grossvater-und-der-enkel\/","title":{"rendered":"Der alte Gro\u00dfvater und der Enkel"},"content":{"rendered":"\n<!--more-->\n\n\n\n<p><strong>Gebr. Grimm<\/strong><\/p>\n\n\n\n<p><span style=\"font-family: Verdana;\">Es war einmal ein steinalter Mann, dem waren die Augen tr\u00fcb geworden, die Ohren taub, und die Knie zitterten ihm. Wenn er nun bei Tische sa\u00df und den L\u00f6ffel kaum halten konnte, sch\u00fcttete er Suppe auf das Tischtuch, und es fl\u00f6\u00df ihm auch etwas wieder aus dem Mund.<\/span><\/p>\n\n\n\n<figure class=\"wp-block-embed is-type-video is-provider-youtube wp-block-embed-youtube wp-embed-aspect-16-9 wp-has-aspect-ratio\"><div class=\"wp-block-embed__wrapper\">\n<iframe loading=\"lazy\" title=\"Die k\u00fcrzesten M\u00e4rchen der Br\u00fcder Grimm: Der alte Gro\u00dfvater und der Enkel (H\u00f6rbuch)\" width=\"500\" height=\"281\" src=\"https:\/\/www.youtube.com\/embed\/MnkJlulcWxo?feature=oembed\" frameborder=\"0\" allow=\"accelerometer; autoplay; clipboard-write; encrypted-media; gyroscope; picture-in-picture; web-share\" referrerpolicy=\"strict-origin-when-cross-origin\" allowfullscreen><\/iframe>\n<\/div><\/figure>\n\n\n\n<p><span style=\"font-family: Verdana;\">Sein Sohn und dessen Frau ekelten sich davor, und deswegen musste sich der alte Gro\u00dfvater endlich hinter den Ofen in die Ecke setzen, und sie gaben ihm sein Essen in ein irdenes Sch\u00fcsselchen und noch dazu nicht einmal satt; da sah er betr\u00fcbt nach dem Tisch, und die Augen wurden ihm nass.<\/span><\/p>\n\n\n\n<p><span style=\"font-family: Verdana;\">Einmal auch konnten seine zitterigen H\u00e4nde das Sch\u00fcsselchen nicht festhalten, es fiel zur Erde und zerbrach. Die, junge Frau schalt, er sagte aber nichts und seufzte nur. Da kaufte sie ihm ein h\u00f6lzernes Sch\u00fcsselchen f\u00fcr ein paar Heller, daraus musste er nun essen. Wie sie da so sitzen, so tr\u00e4gt der kleine Enkel von vier Jahren auf der Erde kleine Brettlein zusammen. &#8222;Was machst du da?&#8220; fragte der Vater. &#8222;Ich mache ein Tr\u00f6glein&#8220;, antwortete das Kind, &#8222;daraus sollen Vater und Mutter essen, wenn ich gro\u00df bin.&#8220;<\/span><\/p>\n\n\n\n<p><span style=\"font-family: Verdana;\">Da sahen sich Mann und Frau eine Weile an, fingen endlich an zu weinen, holten alsofort den alten Gro\u00dfvater in den Tisch und lie\u00dfen ihn von nun an immer mitessen, sagten auch nichts, wenn er ein wenig versch\u00fcttete.<\/span><\/p>\n","protected":false},"excerpt":{"rendered":"","protected":false},"author":1,"featured_media":0,"comment_status":"closed","ping_status":"closed","sticky":false,"template":"","format":"standard","meta":{"pgc_sgb_lightbox_settings":"","footnotes":""},"categories":[87,85],"tags":[],"class_list":["post-610","post","type-post","status-publish","format-standard","hentry","category-gebr-grimm","category-maerchen"],"_links":{"self":[{"href":"https:\/\/internet-maerchen.de\/mobile\/wp-json\/wp\/v2\/posts\/610","targetHints":{"allow":["GET"]}}],"collection":[{"href":"https:\/\/internet-maerchen.de\/mobile\/wp-json\/wp\/v2\/posts"}],"about":[{"href":"https:\/\/internet-maerchen.de\/mobile\/wp-json\/wp\/v2\/types\/post"}],"author":[{"embeddable":true,"href":"https:\/\/internet-maerchen.de\/mobile\/wp-json\/wp\/v2\/users\/1"}],"replies":[{"embeddable":true,"href":"https:\/\/internet-maerchen.de\/mobile\/wp-json\/wp\/v2\/comments?post=610"}],"version-history":[{"count":3,"href":"https:\/\/internet-maerchen.de\/mobile\/wp-json\/wp\/v2\/posts\/610\/revisions"}],"predecessor-version":[{"id":2857,"href":"https:\/\/internet-maerchen.de\/mobile\/wp-json\/wp\/v2\/posts\/610\/revisions\/2857"}],"wp:attachment":[{"href":"https:\/\/internet-maerchen.de\/mobile\/wp-json\/wp\/v2\/media?parent=610"}],"wp:term":[{"taxonomy":"category","embeddable":true,"href":"https:\/\/internet-maerchen.de\/mobile\/wp-json\/wp\/v2\/categories?post=610"},{"taxonomy":"post_tag","embeddable":true,"href":"https:\/\/internet-maerchen.de\/mobile\/wp-json\/wp\/v2\/tags?post=610"}],"curies":[{"name":"wp","href":"https:\/\/api.w.org\/{rel}","templated":true}]}}