{"id":5337,"date":"2026-01-30T02:03:11","date_gmt":"2026-01-30T01:03:11","guid":{"rendered":"https:\/\/internet-maerchen.de\/mobile\/?p=5337"},"modified":"2026-01-30T02:03:12","modified_gmt":"2026-01-30T01:03:12","slug":"vom-bueblein-das-sich-nicht-waschen-wollte","status":"publish","type":"post","link":"https:\/\/internet-maerchen.de\/mobile\/vom-bueblein-das-sich-nicht-waschen-wollte\/","title":{"rendered":"Vom B\u00fcblein, das sich nicht waschen wollte"},"content":{"rendered":"\n<p class=\"has-large-font-size\"><strong>Vom B\u00fcblein, das sich nicht waschen wollte<\/strong><\/p>\n\n\n\n<p>Ludwig Bechstein<\/p>\n\n\n\n<hr class=\"wp-block-separator has-alpha-channel-opacity\"\/>\n\n\n\n<p>Es ist einmal ein B\u00fcblein gewesen, das wollte sich schon als ganz kleines Kind immer nicht waschen lassen, und als es gr\u00f6\u00dfer wurde, so hat sich&#8217;s vor dem Wasser \u00fcber alle Ma\u00dfen gegruselt und hat sich vor dem Nasswerden \u00e4rger gef\u00fcrchtet als vor dem Feuer. Und da hat der unsaubere Geist, der Teufel, Macht genommen \u00fcber das B\u00fcblein und hat zu ihm gesagt, er wolle es an einen Ort f\u00fchren, wo es sich sein Lebtag nicht zu waschen brauche, und wenn es ihm sieben Jahre diene, dann solle es ein gutes Leben haben.<\/p>\n\n\n\n<p>Das war dem B\u00fcblein recht, und es ging mit dem Teufel, und der f\u00fchrte es fort, dass keine Seele mehr von ihm weder h\u00f6rte noch sah, und es wurde ganz und gar vergessen.<\/p>\n\n\n\n<p>Nach sieben Jahren aber erschien in des B\u00fcbleins Heimat ein Geselle, der sah aus wie des Teufels ru\u00dfiger Bruder. Seine Haut war schwarz, sein Haar wirr und ungek\u00e4mmt, sein Wesen war schweigsam. Aber wenn er Kinder sah, so warnte er sie vor Unreinlichkeit und ermahnte sie, dass sie sich ja recht flei\u00dfig sollten waschen lassen. Nachher geschah es wohl auch, dass er erz\u00e4hlte, wie er am H\u00f6llentore im Dienste des unsaubern Geistes habe Wache halten m\u00fcssen, weil er selbst so unsauber gewesen, und wer alles durch das Tor gekommen aus dem Dorfe und der ganzen Umgegend. Wie aber die Leute von den Kindern vernahmen, was des Teufels gewesener Torwart erz\u00e4hlte, schalten sie ihn einen schwarzen Unhold und liefen haufenweise zu ihm und gaben ihm vieles Geld, dass er schweige und nicht sage, wessen Vater, Gro\u00dfvater, Mutter, Schwester, Muhme und ganze werte Verwandtschaft er in die H\u00f6lle habe einziehen sehen. Da nahm er das Geld, wenn ihn aber einer wieder zu schelten anhub, so sagte er: \u00bbIch wasche meine H\u00e4nde in Unschuld, ich kann nicht daf\u00fcr, dass Eure Sippschaft in die H\u00f6lle spaziert ist, statt in den Himmel.\u00ab Und fing an und wusch sich flei\u00dfig, des Tages mehr als einmal, und verdiente vieles Geld mit Schweigen, w\u00e4hrend andere es mit Schw\u00e4tzen verdienen m\u00fcssen.<\/p>\n\n\n\n<p><\/p>\n","protected":false},"excerpt":{"rendered":"<p>Vom B\u00fcblein, das sich nicht waschen wollte Ludwig Bechstein Es ist einmal ein B\u00fcblein gewesen, das wollte sich schon als ganz kleines Kind immer nicht waschen lassen, und als es gr\u00f6\u00dfer wurde, so hat sich&#8217;s vor dem Wasser \u00fcber alle Ma\u00dfen gegruselt und hat sich vor dem Nasswerden \u00e4rger gef\u00fcrchtet als vor dem Feuer. Und [&hellip;]<\/p>\n","protected":false},"author":1,"featured_media":0,"comment_status":"closed","ping_status":"closed","sticky":false,"template":"","format":"standard","meta":{"pgc_sgb_lightbox_settings":"","footnotes":""},"categories":[90,85],"tags":[],"class_list":["post-5337","post","type-post","status-publish","format-standard","hentry","category-ludwig-bechstein","category-maerchen"],"_links":{"self":[{"href":"https:\/\/internet-maerchen.de\/mobile\/wp-json\/wp\/v2\/posts\/5337","targetHints":{"allow":["GET"]}}],"collection":[{"href":"https:\/\/internet-maerchen.de\/mobile\/wp-json\/wp\/v2\/posts"}],"about":[{"href":"https:\/\/internet-maerchen.de\/mobile\/wp-json\/wp\/v2\/types\/post"}],"author":[{"embeddable":true,"href":"https:\/\/internet-maerchen.de\/mobile\/wp-json\/wp\/v2\/users\/1"}],"replies":[{"embeddable":true,"href":"https:\/\/internet-maerchen.de\/mobile\/wp-json\/wp\/v2\/comments?post=5337"}],"version-history":[{"count":1,"href":"https:\/\/internet-maerchen.de\/mobile\/wp-json\/wp\/v2\/posts\/5337\/revisions"}],"predecessor-version":[{"id":5338,"href":"https:\/\/internet-maerchen.de\/mobile\/wp-json\/wp\/v2\/posts\/5337\/revisions\/5338"}],"wp:attachment":[{"href":"https:\/\/internet-maerchen.de\/mobile\/wp-json\/wp\/v2\/media?parent=5337"}],"wp:term":[{"taxonomy":"category","embeddable":true,"href":"https:\/\/internet-maerchen.de\/mobile\/wp-json\/wp\/v2\/categories?post=5337"},{"taxonomy":"post_tag","embeddable":true,"href":"https:\/\/internet-maerchen.de\/mobile\/wp-json\/wp\/v2\/tags?post=5337"}],"curies":[{"name":"wp","href":"https:\/\/api.w.org\/{rel}","templated":true}]}}