{"id":5261,"date":"2026-01-29T02:54:26","date_gmt":"2026-01-29T01:54:26","guid":{"rendered":"https:\/\/internet-maerchen.de\/mobile\/?p=5261"},"modified":"2026-01-29T02:55:19","modified_gmt":"2026-01-29T01:55:19","slug":"die-wochentage","status":"publish","type":"post","link":"https:\/\/internet-maerchen.de\/mobile\/die-wochentage\/","title":{"rendered":"Die Wochentage"},"content":{"rendered":"\n<p class=\"has-large-font-size\"><strong>Die Wochentage<\/strong><\/p>\n\n\n\n<p>Hans Christian Andersen<\/p>\n\n\n\n<hr class=\"wp-block-separator has-alpha-channel-opacity\"\/>\n\n\n\n<p>Die Wochentage wollten auch einmal sich freimachen, zusammenkommen und ein Festmahl abhalten. Jeder Tag war \u00fcbrigens so in Anspruch genommen, dass sie, w\u00e4hrend des ganzen Jahres, nicht freie Zeit hatten, um dar\u00fcber zu verf\u00fcgen; sie mussten einen besonderen ganzen Tag haben, aber den hatten sie doch auch jedes vierte Jahr: den Schalttag, der wurde in den Februar belegt, um Ordnung in die Zeitrechnung zu bringen.<\/p>\n\n\n\n<p>Auf den Schalttag wollten sie also zusammenkommen zum Festmahl, und da der Februar der Fastnachtsmonat ist, wollten sie karnevalsm\u00e4ssig angekleidet kommen nach eines jeden Empfindung und Bestimmung; gut essen, gut trinken, Reden halten und einander Annehmlichkeiten sagen und Unannehmlichkeiten in ungenierter Kameradschaft. Die Helden der alten Zeit warfen einander bei den Mahlzeiten die abgenagten Fleischknochen an den Kopf, die Wochentage wollten einander \u00fcberh\u00e4ufen mit Leckereien von albernen Sp\u00e4\u00dfen und schelmischen Witzen, wie sie zu den unschuldigen Fastnachtsscherzen geh\u00f6ren m\u00f6gen.<\/p>\n\n\n\n<p>Dann war es Schalttag, und dann kamen sie zusammen.<\/p>\n\n\n\n<p>Der&nbsp;<strong>Sonntag<\/strong>, der Vormann der Wochentage, trat auf in schwarzem Seidenmantel, fromme Menschen w\u00fcrden glauben, dass er einen Talar trug, um in die Kirche zu gehen; die Weltkinder sahen, dass er im Domino war, um auf ein Vergn\u00fcgen zu gehen und dass die flammende Nelke, die er im Knopfloch trug, des Theaters kleine rote Laterne war, die sagte: &#8222;Alles ist ausverkauft, seht nun zu, dass ihr euch am\u00fcsiert!&#8220;<\/p>\n\n\n\n<p>Der&nbsp;<strong>Montag<\/strong>, ein junger Mensch, dem Sonntag nah verwandt und besonders dem Vergn\u00fcgen hingegeben, folgte nach. Er verlasse die Werkstatt, sagte er, wenn die Wachtparade aufzieht. &#8222;Ich muss hinaus, um Offenbachs Musik zu h\u00f6ren; sie geht mir nicht zu Kopf und nicht zu Herzen, sie kitzelt mich in den Beinmuskeln, ich muss tanzen, ein Gelage haben, ein blaues Auge kriegen, um darauf zu schlafen, und dann packe ich am n\u00e4chsten Tag die Arbeit an. Ich bin das Neue in der Woche!&#8220;<\/p>\n\n\n\n<p><strong>Dienstag<\/strong>, das ist Tyrs Tag, der Tag der Kraft. &#8211; &#8222;Ja, das bin ich!&#8220; sagte der Dienstag. Ich packe die Arbeit an, spanne Merkurs Fl\u00fcgel an des Kaufmanns Schuhe, sehe in die Fabriken, ob die R\u00e4der geschmiert sind und sich drehen, sorge daf\u00fcr, dass der Schneider auf der Bank und der Pflasterer auf den Pflastersteinen hockt; jeder achte auf sein Gewerbe: Ich halte mein Auge auf das Ganze, deshalb trage ich Polizeiuniform und nenne mich Polizistentag. Ist das ein schlechter Kalauer, so versucht ihr anderen, einen besseren zu machen!&#8220;<\/p>\n\n\n\n<p>&#8222;Da komme ich!&#8220; sagte der&nbsp;<strong>Mittwoch<\/strong>. &#8222;Ich stehe mitten in der Woche, darum nennen mich die Deutschen so. Ich stehe wie der Kommis hinter dem Ladentisch, als Blume zwischen den andern geehrten Wochentagen! Marschieren wir alle auf, dann habe ich drei Tage vor, drei Tage hinter mir, das ist wie eine Ehrenwache, ich darf glauben, dass ich der ansehnlichste Tag bin!&#8220;<\/p>\n\n\n\n<p>Der&nbsp;<strong>Donnerstag<\/strong>&nbsp;stellte sich ein, gekleidet als Kupferschmied mit Hammer und Kupferkessel, das war sein Adelsattribut. &#8222;Ich bin von h\u00f6chster Geburt&#8220;, sagte er, &#8222;heidnisch, g\u00f6ttlich! In Nordens Landen werde ich nach Thor genannt, in denen des S\u00fcdens nach Jupiter, die beide verstanden zu donnern und zu blitzen, das ist in der Familie geblieben.&#8220;<\/p>\n\n\n\n<p>Und dann schlug er auf den Kupferkessen und bewies seine hohe Geburt.<\/p>\n\n\n\n<p><strong>Freitag<\/strong>&nbsp;war gekleidet wie ein junges M\u00e4dchen und nannte sich Freya, auch zur Abwechslung Venus, das kam auf den Sprachgebrauch im Lande an, wo sie auftrat. Sie sei \u00fcbrigens von stillem, ernsten Charakter, sagte sie, aber heute flott und frei; es war ja Schalttag, und der gibt der Frau Freiheit, da darf sie nach altem Brauch selber freien und muss sich nicht freien lassen.<\/p>\n\n\n\n<p><strong>Sonnabend<\/strong>&nbsp;trat auf als alte Haush\u00e4lterin mit Besen und Sauberkeitsattributen. Ihr Leibgericht war Bierbrotsuppe, doch verlangte sie nicht, dass diese bei dieser festlichen Gelegenheit f\u00fcr alle mit aufgetischt werden sollte, sondern nur, dass sie bekommen k\u00f6nne &#8211; und sie bekam sie.<\/p>\n","protected":false},"excerpt":{"rendered":"<p>Die Wochentage wollten auch einmal sich freimachen, zusammenkommen und ein Festmahl abhalten. Jeder Tag war \u00fcbrigens so in Anspruch genommen, dass sie, w\u00e4hrend des ganzen Jahres, nicht freie Zeit hatten, um dar\u00fcber zu verf\u00fcgen; sie mussten einen besonderen ganzen Tag haben, aber den hatten sie doch auch jedes vierte Jahr: den Schalttag, der wurde in den Februar belegt, um Ordnung in die Zeitrechnung zu bringen.<\/p>\n","protected":false},"author":1,"featured_media":5263,"comment_status":"closed","ping_status":"closed","sticky":false,"template":"","format":"standard","meta":{"pgc_sgb_lightbox_settings":"","footnotes":""},"categories":[88,85],"tags":[],"class_list":["post-5261","post","type-post","status-publish","format-standard","has-post-thumbnail","hentry","category-hans-chr-andersen","category-maerchen"],"_links":{"self":[{"href":"https:\/\/internet-maerchen.de\/mobile\/wp-json\/wp\/v2\/posts\/5261","targetHints":{"allow":["GET"]}}],"collection":[{"href":"https:\/\/internet-maerchen.de\/mobile\/wp-json\/wp\/v2\/posts"}],"about":[{"href":"https:\/\/internet-maerchen.de\/mobile\/wp-json\/wp\/v2\/types\/post"}],"author":[{"embeddable":true,"href":"https:\/\/internet-maerchen.de\/mobile\/wp-json\/wp\/v2\/users\/1"}],"replies":[{"embeddable":true,"href":"https:\/\/internet-maerchen.de\/mobile\/wp-json\/wp\/v2\/comments?post=5261"}],"version-history":[{"count":2,"href":"https:\/\/internet-maerchen.de\/mobile\/wp-json\/wp\/v2\/posts\/5261\/revisions"}],"predecessor-version":[{"id":5264,"href":"https:\/\/internet-maerchen.de\/mobile\/wp-json\/wp\/v2\/posts\/5261\/revisions\/5264"}],"wp:featuredmedia":[{"embeddable":true,"href":"https:\/\/internet-maerchen.de\/mobile\/wp-json\/wp\/v2\/media\/5263"}],"wp:attachment":[{"href":"https:\/\/internet-maerchen.de\/mobile\/wp-json\/wp\/v2\/media?parent=5261"}],"wp:term":[{"taxonomy":"category","embeddable":true,"href":"https:\/\/internet-maerchen.de\/mobile\/wp-json\/wp\/v2\/categories?post=5261"},{"taxonomy":"post_tag","embeddable":true,"href":"https:\/\/internet-maerchen.de\/mobile\/wp-json\/wp\/v2\/tags?post=5261"}],"curies":[{"name":"wp","href":"https:\/\/api.w.org\/{rel}","templated":true}]}}