{"id":5158,"date":"2026-01-28T02:42:23","date_gmt":"2026-01-28T01:42:23","guid":{"rendered":"https:\/\/internet-maerchen.de\/mobile\/?p=5158"},"modified":"2026-01-28T02:42:23","modified_gmt":"2026-01-28T01:42:23","slug":"im-spukschloss-der-oma","status":"publish","type":"post","link":"https:\/\/internet-maerchen.de\/mobile\/im-spukschloss-der-oma\/","title":{"rendered":"Im Spukschloss der Oma"},"content":{"rendered":"\n<p class=\"has-large-font-size\"><strong>Im Spukschloss der Oma<\/strong><\/p>\n\n\n\n<p>M\u00e4rchen aus dem Spessart<\/p>\n\n\n\n<hr class=\"wp-block-separator has-alpha-channel-opacity\"\/>\n\n\n\n<p>Michaels Gro\u00dfmutter wohnte in einer kleinen Stadt im Spessart. Dort besa\u00df sie ein kleines H\u00e4uschen am Rand des gro\u00dfen Stadtparks. In den Pfingstferien durfte der Junge mit seinen Eltern die Oma besuchen.<\/p>\n\n\n\n<p>&#8222;Omas H\u00e4uschen ist ein richtiges Spukschloss&#8220;, sagte der Vater scherzend. Michael wollte es nicht glauben. Doch nach Einbruch der D\u00e4mmerung wurde alles unheimlich. Ein K\u00e4uzchen rief im Park, aus dem jungen Gr\u00fcn der hohen B\u00e4ume segelten seltsame V\u00f6gel heraus. Sollten das Flederm\u00e4use sein? Bald kam die Schlafenszeit, und Oma sagte: &#8222;Hier unten reicht der Platz nicht aus. Einer von uns muss oben in der Dachkammer schlafen. Dort steht noch ein G\u00e4stebett.&#8220;<\/p>\n\n\n\n<p>Michael war sofort bereit, nach oben zu gehen. Er f\u00fcrchtete sich nicht. Oma richtete ihm sein Bett her und Michael schl\u00fcpfte flux hinein. Beim Hinausgehen \u00f6ffnete sie noch ein wenig die Fensterluke zum L\u00fcften und verschwand.<\/p>\n\n\n\n<p>Dielen knarrten und Dachbalken \u00e4chzten. Michael jedoch machte sich nichts daraus. Er war bereits schon eingeschlafen.<\/p>\n\n\n\n<p>Fr\u00fch am Morgen wachte er auf. Es begann gerade hell zu werden. Irgend etwas flatterte oder schwirrte durch die Dachkammer. Kamen Gro\u00dfmutters Gespenster etwa am fr\u00fchen Morgen? fragte sich Michael. Er wagte nicht, die Augen aufzumachen und am liebsten w\u00e4re er weit unter die Bettdecke gekrochen. Bums! klatschte etwas gegen die Fensterscheibe. Michael bekam eine G\u00e4nsehaut. Einen Augenblick lang war alles ruhig. Dann begann es auf dem Tisch unter dem Fenster zu rascheln. Dort lag wohl eine alte Zeitung. Am liebsten h\u00e4tte Michael um Hilfe gerufen, aber seine Stimme und seine Glieder waren steif vor Angst und h\u00f6ren w\u00fcrde man ihn sicherlich auch nicht.<br>Vorsichtig \u00f6ffnete er seine Augen und blinzelte ein bisschen durch den Raum. Ohne sich zu bewegen, blickte er zum Tisch. Was er sah?<\/p>\n\n\n\n<p>Es war ein ver\u00e4ngstigter Spatz, der durch das halboffene Fenster in die Dachkammer hineingeirrt war. Jetzt suchte er vergebens nach einem Ausgang ins Freie. Schnell war Michael aus den Federn und machte das Fenster so weit auf, dass der Vogel hindurchfliegen konnte und schwupps! war er auch schon hinausgeflogen. Das war also das kleine Gespenst, was ihm so einen Schrecken eingejagt hat. Und vor Spatzengespenster f\u00fcrchte er sich ganz und gar nicht. Nicht einmal in Omas Spukschloss!<\/p>\n\n\n\n<p><\/p>\n","protected":false},"excerpt":{"rendered":"<p>Michaels Gro\u00dfmutter wohnte in einer kleinen Stadt im Spessart. Dort besa\u00df sie ein kleines H\u00e4uschen am Rand des gro\u00dfen Stadtparks. In den Pfingstferien durfte der Junge mit seinen Eltern die Oma besuchen.<\/p>\n","protected":false},"author":1,"featured_media":5159,"comment_status":"closed","ping_status":"closed","sticky":false,"template":"","format":"standard","meta":{"pgc_sgb_lightbox_settings":"","footnotes":""},"categories":[85,212,133],"tags":[],"class_list":["post-5158","post","type-post","status-publish","format-standard","has-post-thumbnail","hentry","category-maerchen","category-spessart","category-maerchen-weltweit"],"_links":{"self":[{"href":"https:\/\/internet-maerchen.de\/mobile\/wp-json\/wp\/v2\/posts\/5158","targetHints":{"allow":["GET"]}}],"collection":[{"href":"https:\/\/internet-maerchen.de\/mobile\/wp-json\/wp\/v2\/posts"}],"about":[{"href":"https:\/\/internet-maerchen.de\/mobile\/wp-json\/wp\/v2\/types\/post"}],"author":[{"embeddable":true,"href":"https:\/\/internet-maerchen.de\/mobile\/wp-json\/wp\/v2\/users\/1"}],"replies":[{"embeddable":true,"href":"https:\/\/internet-maerchen.de\/mobile\/wp-json\/wp\/v2\/comments?post=5158"}],"version-history":[{"count":1,"href":"https:\/\/internet-maerchen.de\/mobile\/wp-json\/wp\/v2\/posts\/5158\/revisions"}],"predecessor-version":[{"id":5160,"href":"https:\/\/internet-maerchen.de\/mobile\/wp-json\/wp\/v2\/posts\/5158\/revisions\/5160"}],"wp:featuredmedia":[{"embeddable":true,"href":"https:\/\/internet-maerchen.de\/mobile\/wp-json\/wp\/v2\/media\/5159"}],"wp:attachment":[{"href":"https:\/\/internet-maerchen.de\/mobile\/wp-json\/wp\/v2\/media?parent=5158"}],"wp:term":[{"taxonomy":"category","embeddable":true,"href":"https:\/\/internet-maerchen.de\/mobile\/wp-json\/wp\/v2\/categories?post=5158"},{"taxonomy":"post_tag","embeddable":true,"href":"https:\/\/internet-maerchen.de\/mobile\/wp-json\/wp\/v2\/tags?post=5158"}],"curies":[{"name":"wp","href":"https:\/\/api.w.org\/{rel}","templated":true}]}}