{"id":5143,"date":"2026-01-28T02:12:16","date_gmt":"2026-01-28T01:12:16","guid":{"rendered":"https:\/\/internet-maerchen.de\/mobile\/?p=5143"},"modified":"2026-01-28T02:12:17","modified_gmt":"2026-01-28T01:12:17","slug":"ein-spanischer-chasseur","status":"publish","type":"post","link":"https:\/\/internet-maerchen.de\/mobile\/ein-spanischer-chasseur\/","title":{"rendered":"Ein spanischer Chasseur"},"content":{"rendered":"\n<p class=\"has-large-font-size\"><strong>Ein spanischer Chasseur<\/strong><\/p>\n\n\n\n<p>M\u00e4rchen aus der Schweiz<\/p>\n\n\n\n<hr class=\"wp-block-separator has-alpha-channel-opacity\"\/>\n\n\n\n<p>Auf der Welt muss gestorben sein, sonst h\u00e4tten ja die jungen keinen Platz mehr. Was Wunder, wenn dann auch einmal ein Schneiderlein stirbt. Nun denn, der Schneider stirbt, und seine leichte Seele f\u00e4hrt geradewegs &#8211; wie eine Nadel am Faden &#8211; hinauf dem Himmel entgegen. Er findet auch die T\u00fcr und klopft manierlich an. Und wie er ein wenig geklopft hat, geht das L\u00e4delein auf, und Sankt Peter fragt zum Himmel heraus, wer drau\u00dfen sei.<\/p>\n\n\n\n<p>Der Nadelheld l\u00e4sst sich herzu und sagt: \u00bbHe, ein Schneiderlein, mit Verlaub, m\u00f6chte auch gern in den Himmel, Herr Peter. \u00ab<\/p>\n\n\n\n<p>\u00bbEin Schneiderlein? Ein Pl\u00e4tzchenfink? Derlei k\u00f6nnen wir im Himmel nicht brauchen! \u00ab<\/p>\n\n\n\n<p>So putzt ihn unser Peter ab und tut das L\u00e4delein wieder zu. Wie nun der Schneider vor dem Himmel so trauert und grochzt, sieht er eine alte Frau, die man im Himmelreich auch nicht hat brauchen k\u00f6nnen. Da haben die beiden einander getr\u00f6stet, so gut es ging, und sich ihr Leid geklagt, wie sie jetzt vor dem Himmel drau\u00dfen im Ledersack sein mussten.<\/p>\n\n\n\n<p>Derweilen kommt ein m\u00e4chtiger Husar angesprengt und ruft, er m\u00f6chte in den Himmel. Den l\u00e4sst Sankt Peter nicht lange warten, weil er ihm stracks zugerufen hat, er sei ein spanischer Chasseur.<\/p>\n\n\n\n<p>Das schrieb sich der Schneider hinter die Ohren, eilt schnell zum M\u00fctterchen und fl\u00fcstert und flattiert mit ihr und sagt: \u00bbWie w\u00e4r&#8217;s, Frau Bas&#8216;, wenn wir zwei uns auch solcherweise in den Himmel hineinschmuggeln w\u00fcrden?<\/p>\n\n\n\n<p>Es w\u00e4re, denk ich, nichts Gefehltes. H\u00f6r nun, M\u00fctterchen, ich will dir einen vern\u00fcnftigen Vorschlag machen: Ich bin der spanische Chausseur und du tr\u00e4gst mich durch die Himmelst\u00fcr &#8211; f\u00fcr&#8217;s andere lass dann nur den Vogt geifern oder mich sorgen. Was gilt&#8217;s, wir kommen alle beide in den Himmel. \u00ab<\/p>\n\n\n\n<p>Gesagt, getan. Mein Nadelreiter sprengt auf dem M\u00fctterlein vor Sankt Peters Pforte.<\/p>\n\n\n\n<p>\u00bbWer da?\u00ab ruft der drinnen mit dem Schl\u00fcssel.<\/p>\n\n\n\n<p>\u00bbEin spanischer Chasseur!\u00ab br\u00fcllt das Schneiderlein aus Leibeskr\u00e4ften.<\/p>\n\n\n\n<p>Das Tor geht auf, und mein spanischer Reiter reitet gravit\u00e4tisch hinein zu den anderen Leuten im Himmel.<\/p>\n\n\n\n<p>So hat&#8217;s der Schneider gemacht. Und drin haben&#8217;s darob gelacht. Und hab ich&#8217;s recht vernommen, so sind&#8217;s nicht wieder herausgekommen.<\/p>\n\n\n\n<p><\/p>\n","protected":false},"excerpt":{"rendered":"<p>Auf der Welt muss gestorben sein, sonst h\u00e4tten ja die jungen keinen Platz mehr. Was Wunder, wenn dann auch einmal ein Schneiderlein stirbt.<\/p>\n","protected":false},"author":1,"featured_media":3653,"comment_status":"closed","ping_status":"closed","sticky":false,"template":"","format":"standard","meta":{"pgc_sgb_lightbox_settings":"","footnotes":""},"categories":[85,159,133],"tags":[],"class_list":["post-5143","post","type-post","status-publish","format-standard","has-post-thumbnail","hentry","category-maerchen","category-schweiz","category-maerchen-weltweit"],"_links":{"self":[{"href":"https:\/\/internet-maerchen.de\/mobile\/wp-json\/wp\/v2\/posts\/5143","targetHints":{"allow":["GET"]}}],"collection":[{"href":"https:\/\/internet-maerchen.de\/mobile\/wp-json\/wp\/v2\/posts"}],"about":[{"href":"https:\/\/internet-maerchen.de\/mobile\/wp-json\/wp\/v2\/types\/post"}],"author":[{"embeddable":true,"href":"https:\/\/internet-maerchen.de\/mobile\/wp-json\/wp\/v2\/users\/1"}],"replies":[{"embeddable":true,"href":"https:\/\/internet-maerchen.de\/mobile\/wp-json\/wp\/v2\/comments?post=5143"}],"version-history":[{"count":1,"href":"https:\/\/internet-maerchen.de\/mobile\/wp-json\/wp\/v2\/posts\/5143\/revisions"}],"predecessor-version":[{"id":5144,"href":"https:\/\/internet-maerchen.de\/mobile\/wp-json\/wp\/v2\/posts\/5143\/revisions\/5144"}],"wp:featuredmedia":[{"embeddable":true,"href":"https:\/\/internet-maerchen.de\/mobile\/wp-json\/wp\/v2\/media\/3653"}],"wp:attachment":[{"href":"https:\/\/internet-maerchen.de\/mobile\/wp-json\/wp\/v2\/media?parent=5143"}],"wp:term":[{"taxonomy":"category","embeddable":true,"href":"https:\/\/internet-maerchen.de\/mobile\/wp-json\/wp\/v2\/categories?post=5143"},{"taxonomy":"post_tag","embeddable":true,"href":"https:\/\/internet-maerchen.de\/mobile\/wp-json\/wp\/v2\/tags?post=5143"}],"curies":[{"name":"wp","href":"https:\/\/api.w.org\/{rel}","templated":true}]}}