{"id":4970,"date":"2026-01-26T15:49:38","date_gmt":"2026-01-26T14:49:38","guid":{"rendered":"https:\/\/internet-maerchen.de\/mobile\/?p=4970"},"modified":"2026-01-26T15:49:39","modified_gmt":"2026-01-26T14:49:39","slug":"das-traenenkrueglein","status":"publish","type":"post","link":"https:\/\/internet-maerchen.de\/mobile\/das-traenenkrueglein\/","title":{"rendered":"Das Tr\u00e4nenkr\u00fcglein"},"content":{"rendered":"\n<p class=\"has-large-font-size\"><strong>Das Tr\u00e4nenkr\u00fcglein<\/strong><\/p>\n\n\n\n<p>Ludwig Bechstein<\/p>\n\n\n\n<hr class=\"wp-block-separator has-alpha-channel-opacity\"\/>\n\n\n\n<p>Es waren einmal eine Mutter und ein Kind, und die Mutter hatte das Kind, ihr einziges, lieb von ganzem Herzen und konnte ohne das Kind nicht leben und nicht sein. Aber da sandte der Herr eine gro\u00dfe Krankheit, die w\u00fctete unter den Kindern und erfasste auch jenes Kind, dass es auf sein Lager sank und zum Tod erkrankte. Drei Tage und drei N\u00e4chte wachte, weinte und betete die Mutter, die nun allein war auf der ganzen Gotteserde, ein gewaltiger und namenloser Schmerz, und sie a\u00df nicht und trank nicht und weinte, weinte wieder drei Tage lang und drei N\u00e4chte lang ohne Aufh\u00f6ren und rief nach ihrem Kinde. Wie sie nun so vollen tiefen Leides in der dritten Nacht sa\u00df, an der Stelle, wo ihr Kind gestorben war, tr\u00e4nenm\u00fcde und schmerzensmatt bis zur Ohnmacht, da ging leise die T\u00fcre auf, und die Mutter schrak zusammen, denn vor ihr stand ihr gestorbenes Kind. Das war ein seliges Engelein geworden und l\u00e4chelte s\u00fc\u00df wie die Unschuld und sch\u00f6n wie in Verkl\u00e4rung. Es trug aber in seinen H\u00e4ndchen ein Kr\u00fcglein, das war schier \u00fcbervoll. Und das Kind sprach: &#8222;0 lieb M\u00fctterlein, weine nicht mehr um mich! Siehe, in diesem Kr\u00fcglein sind deine Tr\u00e4nen, die du um mich vergossen hast; der Engel der Trauer hat sie in diesem Gef\u00e4\u00df gesammelt. Wenn du noch eine Tr\u00e4ne um mich weinest, so wird das Kr\u00fcglein \u00fcberflie\u00dfen, und ich werde dann keine Ruhe haben im Grabe und keine Seligkeit im Himmel. Darum, O lieb M\u00fctterlein, weine nicht mehr um dein Kind, denn dein Kind ist wohlaufgehoben, ist gl\u00fccklich, und Engel sind seine Gespielen.&#8220; Damit verschwand das tote Kind und die Mutter weinte hinfort keine Tr\u00e4ne mehr, um des Kindes Grabesruhe und Himmelsfrieden nicht zu st\u00f6ren.<\/p>\n","protected":false},"excerpt":{"rendered":"<p>Das Tr\u00e4nenkr\u00fcglein Ludwig Bechstein Es waren einmal eine Mutter und ein Kind, und die Mutter hatte das Kind, ihr einziges, lieb von ganzem Herzen und konnte ohne das Kind nicht leben und nicht sein. Aber da sandte der Herr eine gro\u00dfe Krankheit, die w\u00fctete unter den Kindern und erfasste auch jenes Kind, dass es auf [&hellip;]<\/p>\n","protected":false},"author":1,"featured_media":0,"comment_status":"closed","ping_status":"closed","sticky":false,"template":"","format":"standard","meta":{"pgc_sgb_lightbox_settings":"","footnotes":""},"categories":[90,85],"tags":[],"class_list":["post-4970","post","type-post","status-publish","format-standard","hentry","category-ludwig-bechstein","category-maerchen"],"_links":{"self":[{"href":"https:\/\/internet-maerchen.de\/mobile\/wp-json\/wp\/v2\/posts\/4970","targetHints":{"allow":["GET"]}}],"collection":[{"href":"https:\/\/internet-maerchen.de\/mobile\/wp-json\/wp\/v2\/posts"}],"about":[{"href":"https:\/\/internet-maerchen.de\/mobile\/wp-json\/wp\/v2\/types\/post"}],"author":[{"embeddable":true,"href":"https:\/\/internet-maerchen.de\/mobile\/wp-json\/wp\/v2\/users\/1"}],"replies":[{"embeddable":true,"href":"https:\/\/internet-maerchen.de\/mobile\/wp-json\/wp\/v2\/comments?post=4970"}],"version-history":[{"count":1,"href":"https:\/\/internet-maerchen.de\/mobile\/wp-json\/wp\/v2\/posts\/4970\/revisions"}],"predecessor-version":[{"id":4971,"href":"https:\/\/internet-maerchen.de\/mobile\/wp-json\/wp\/v2\/posts\/4970\/revisions\/4971"}],"wp:attachment":[{"href":"https:\/\/internet-maerchen.de\/mobile\/wp-json\/wp\/v2\/media?parent=4970"}],"wp:term":[{"taxonomy":"category","embeddable":true,"href":"https:\/\/internet-maerchen.de\/mobile\/wp-json\/wp\/v2\/categories?post=4970"},{"taxonomy":"post_tag","embeddable":true,"href":"https:\/\/internet-maerchen.de\/mobile\/wp-json\/wp\/v2\/tags?post=4970"}],"curies":[{"name":"wp","href":"https:\/\/api.w.org\/{rel}","templated":true}]}}