{"id":410,"date":"2015-10-07T20:39:46","date_gmt":"2015-10-07T18:39:46","guid":{"rendered":"http:\/\/internet-maerchen.de\/mobile\/?p=410"},"modified":"2026-01-24T03:10:38","modified_gmt":"2026-01-24T02:10:38","slug":"fratze-und-clownsgesicht","status":"publish","type":"post","link":"https:\/\/internet-maerchen.de\/mobile\/fratze-und-clownsgesicht\/","title":{"rendered":"Fratze und Clownsgesicht"},"content":{"rendered":"<p>Karnevalsm\u00e4rchen \u2013 Faschingsm\u00e4rchen &#8211; Fastnachtsm\u00e4rchen<br \/>\n<!--more--><\/p>\n<p align=\"justify\"><span style=\"font-family: Verdana;\">&#8222;Ich bin eine b\u00f6se Maske&#8220;, sagte die Fratzenmaske zufrieden. &#8222;H\u00e4sslich, schaurig, griesgr\u00e4mig. Ha! Vor mir muss man sich f\u00fcrchten. Sch\u00f6n, wenn alle vor mir davonlaufen.&#8220;<\/span><\/p>\n<p align=\"center\"><img decoding=\"async\" src=\"https:\/\/www.internet-maerchen.de\/images\/clown_054.gif\" alt=\"\" border=\"0\" \/><\/p>\n<p align=\"justify\"><span style=\"font-family: Verdana;\">&#8222;Bl\u00f6dkopf&#8220;, grinste das Clownsgesicht, das neben ihr an der Wand hing. &#8222;Ich freue mich, wenn man \u00fcber mich lacht.&#8220;<br \/>\n&#8222;Ha!&#8220;, fauchte die Fratze, &#8222;und ich freue mich, wenn sich alle f\u00fcrchten.&#8220;<br \/>\n&#8222;Warum?&#8220;, fragte das Clownsgesicht.<br \/>\n&#8222;Weil es mein Job ist, b\u00f6se Geister zu vertreiben&#8220;, antwortete die Fratzenmaske.<br \/>\n&#8222;B\u00f6se Geister? Kinder sind doch keine b\u00f6sen Geister! Au\u00dferdem habe ich noch nie b\u00f6se Geister gesehen. Du etwa?&#8220;<\/span><\/p>\n<p align=\"justify\"><span style=\"font-family: Verdana;\">Die Fratze z\u00f6gerte.<br \/>\n&#8222;Nein&#8220;, sagte sie dann, &#8222;eigentlich nicht.&#8220; Sie begann zu stottern. &#8222;E-es ist nur, weil sie schon wegrennen, b-b-bevor sie mir in die Quere kommen. Wozu sonst ist Fasching, wenn nicht zum Geistervertreiben?&#8220;<br \/>\n&#8222;Zum Spa\u00dfhaben&#8220;, antwortete das Clownsgesicht, &#8222;zum &#8218;Verr\u00fcckte-Sachen-machen, zum Fr\u00f6hlichsein. Aber das verstehst du nicht.&#8220;<\/span><\/p>\n<p align=\"justify\"><span style=\"font-family: Verdana;\">&#8222;Vielleicht&#8220;, sagte die Fratzenmaske gar nicht mehr so b\u00f6se, &#8222;will ich auch einmal fr\u00f6hlich sein. Oder glaubst du, es macht Freude, wenn die Kinder meinetwegen weinen?&#8220;<br \/>\n&#8222;Das hast du aber vorhin gesagt&#8220;, erinnerte das Clownsgesicht.<br \/>\nDie Fratze wurde verlegen. &#8222;Man sagt manches, was man nicht so meint. Doch sieh mich an! Wie kann ich mit diesem Gesicht fr\u00f6hlich sein?&#8220;<br \/>\nTja, das ist eine schwierige Frage. Das Clownsgesicht dachte nach.<br \/>\n&#8222;Ich habe eine Idee&#8220;, sagte es schlie\u00dflich. &#8222;Wir tauschen. Ich leihe dir meinen lachenden Mund, und du gibst mir dein Miesepetergrinsen. Du wirst sehen, wie lustig das ist.&#8220;<br \/>\nGesagt, getan. Ohne weiter nachzudenken, tauschten die beiden Masken ihre unteren Gesichtsh\u00e4lften aus.<\/span><\/p>\n<p align=\"justify\"><span style=\"font-family: Verdana;\">Beim Faschingszug dann mischten sich zwei komische Figuren unter das Narrenvolk. Ein Clown, der tr\u00e4nentraurig in die Welt blickte und eine grausige Fratzenmaske, die aufgesetzt fr\u00f6hlich vor sich hingrinste und ganz sch\u00f6n d\u00e4mlich dabei aussah.<br \/>\nStundenlang liefen diese beiden Gestalten durch die Stra\u00dfen und wunderten sich. Niemand sah sich nach ihnen um, keiner lachte, keiner lief erschreckt davon. Immer wieder versuchte die lieb grinsende Fratze, jemanden zum Lachen zu bringen. Immer wieder bem\u00fchte sich das Clownsgesicht, grausig auszusehen. Nichts. Ein grausiger Clown und eine liebe Fratze passten nicht zum Fasching. Da gab es nur liebe, lustige Clowngesichter und grausig h\u00e4ssliche Fratzen.<\/span><\/p>\n<p align=\"justify\"><span style=\"font-family: Verdana;\">&#8222;Gib mir mein Lachen wieder&#8220;, sagte der Clown zur Fratze.<br \/>\n&#8222;Ich will mein Fratzengrinsen zur\u00fcckhaben&#8220;, heulte die Fratzenmaske.<\/span><\/p>\n<p align=\"justify\"><span style=\"font-family: Verdana;\">Schnell tauschten sie und dann war Fasching wieder richtig Fasching f\u00fcr die beiden Maskenk\u00f6pfe. Das Clownsgesicht hatte einen Riesenspa\u00df, wenn Kinder \u00fcber seine Faxen lachten, und die Fratzenmaske genoss es, Grauen zu verbreiten. Au\u00dferdem, wer wei\u00df, vielleicht waren ja doch auch ein paar b\u00f6se Geister unterwegs?<\/span><\/p>\n<hr \/>\n<p style=\"text-align: center;\" align=\"justify\"><span style=\"font-family: Verdana; font-size: small;\">Dieses M\u00e4rchen wurde mit von Elke Br\u00e4unling (<a href=\"http:\/\/elkes-februargeschichten.blog.de\/2007\/02\/14\/19_februar_fratze_und_clownsgesicht%7E1738814\" target=\"_blank\">Elkes-Februargeschichten<\/a>) zur Verf\u00fcgung gestellt. Das Copyright hierf\u00fcr liegt ausschlie\u00dflich bei \u00a9 Elke Br\u00e4unling<\/span><\/p>\n","protected":false},"excerpt":{"rendered":"<p>Karnevalsm\u00e4rchen \u2013 Faschingsm\u00e4rchen &#8211; Fastnachtsm\u00e4rchen<\/p>\n","protected":false},"author":1,"featured_media":0,"comment_status":"closed","ping_status":"closed","sticky":false,"template":"","format":"standard","meta":{"pgc_sgb_lightbox_settings":"","footnotes":""},"categories":[187,85,133],"tags":[],"class_list":["post-410","post","type-post","status-publish","format-standard","hentry","category-karnevalsmaerchen","category-maerchen","category-maerchen-weltweit"],"_links":{"self":[{"href":"https:\/\/internet-maerchen.de\/mobile\/wp-json\/wp\/v2\/posts\/410","targetHints":{"allow":["GET"]}}],"collection":[{"href":"https:\/\/internet-maerchen.de\/mobile\/wp-json\/wp\/v2\/posts"}],"about":[{"href":"https:\/\/internet-maerchen.de\/mobile\/wp-json\/wp\/v2\/types\/post"}],"author":[{"embeddable":true,"href":"https:\/\/internet-maerchen.de\/mobile\/wp-json\/wp\/v2\/users\/1"}],"replies":[{"embeddable":true,"href":"https:\/\/internet-maerchen.de\/mobile\/wp-json\/wp\/v2\/comments?post=410"}],"version-history":[{"count":2,"href":"https:\/\/internet-maerchen.de\/mobile\/wp-json\/wp\/v2\/posts\/410\/revisions"}],"predecessor-version":[{"id":413,"href":"https:\/\/internet-maerchen.de\/mobile\/wp-json\/wp\/v2\/posts\/410\/revisions\/413"}],"wp:attachment":[{"href":"https:\/\/internet-maerchen.de\/mobile\/wp-json\/wp\/v2\/media?parent=410"}],"wp:term":[{"taxonomy":"category","embeddable":true,"href":"https:\/\/internet-maerchen.de\/mobile\/wp-json\/wp\/v2\/categories?post=410"},{"taxonomy":"post_tag","embeddable":true,"href":"https:\/\/internet-maerchen.de\/mobile\/wp-json\/wp\/v2\/tags?post=410"}],"curies":[{"name":"wp","href":"https:\/\/api.w.org\/{rel}","templated":true}]}}