{"id":2147,"date":"2023-10-01T20:47:23","date_gmt":"2023-10-01T18:47:23","guid":{"rendered":"https:\/\/internet-maerchen.de\/mobile\/?p=2147"},"modified":"2026-01-24T02:43:12","modified_gmt":"2026-01-24T01:43:12","slug":"das-erntedankfest-der-drei-freunde","status":"publish","type":"post","link":"https:\/\/internet-maerchen.de\/mobile\/das-erntedankfest-der-drei-freunde\/","title":{"rendered":"Das Erntedankfest der drei Freunde"},"content":{"rendered":"\n<p class=\"has-large-font-size\"><strong>Das Erntedankfest der drei Freunde<\/strong><\/p>\n\n\n\n<p>Es war einmal vor langer Zeit in einem kleinen Dorf namens Fruchtland. In diesem Dorf lebten drei enge Freunde: Emil, Clara und Peter. Sie waren seit ihrer Kindheit unzertrennlich und teilten alles miteinander.<br>Die Bewohner von Fruchtland waren hart arbeitende Bauern, die das ganze Jahr \u00fcber auf ihren Feldern arbeiteten, um eine reiche Ernte zu erzielen. Und wenn der Herbst kam, war es Zeit f\u00fcr das allj\u00e4hrliche Erntedankfest, bei dem die Menschen ihre Dankbarkeit f\u00fcr die gesegneten Fr\u00fcchte der Erde zum Ausdruck brachten.<br>Eines Sommers arbeiteten Emil, Clara und Peter besonders hart auf ihren Feldern. Sie pflanzten Samen, gossen die Pflanzen und pflegten sie liebevoll. Als der Herbst kam, waren ihre Felder voll von pr\u00e4chtigen Fr\u00fcchten und Gem\u00fcse. Sie hatten die besten Tomaten, die saftigsten \u00c4pfel und die s\u00fc\u00dfesten Karotten im ganzen Dorf.<br>Am Vorabend des Erntedankfestes trafen sich die drei Freunde in Peters gem\u00fctlichem Bauernhaus, um ihre Ernte zu teilen und gemeinsam zu feiern. Doch bevor sie das taten, beschlossen sie, einen Teil ihrer Ernte den Bed\u00fcrftigen des Dorfes zu schenken.<br>Am n\u00e4chsten Morgen gingen sie in die Kirche, wo das Erntedankfest gefeiert wurde. Sie brachten K\u00f6rbe voller Fr\u00fcchte und Gem\u00fcse mit sich, um sie mit den anderen Dorfbewohnern zu teilen. Die Menschen im Dorf waren ger\u00fchrt von der Gro\u00dfz\u00fcgigkeit der drei Freunde.<br>Nach der Messe luden Emil, Clara und Peter die ganze Dorfgemeinschaft zu einem festlichen Festmahl ein. Sie bereiteten ein k\u00f6stliches Festessen aus ihren eigenen Ernteerzeugnissen zu. Es gab frische Salate, duftende Suppen und saftige Braten. Alle lachten, sangen und tanzten, w\u00e4hrend sie ihre Mahlzeit genossen und ihre Dankbarkeit ausdr\u00fcckten.<br>Das Erntedankfest in Fruchtland wurde zu einem wahren Fest der Freundschaft und Gro\u00dfz\u00fcgigkeit. Die Menschen im Dorf erinnerten sich noch lange daran, wie die drei Freunde Emil, Clara und Peter ihre Ernte mit anderen geteilt hatten und wie dieses Teilen das Fest zu etwas Besonderem gemacht hatte.<br>Und so endet die Geschichte von Emil, Clara und Peter, die das Erntedankfest zu einer Zeit des Gebens und der Freude machten, indem sie ihre reiche Ernte mit denjenigen teilten, die weniger hatten. Es lehrte die Menschen in Fruchtland, das wahre Freundschaft und Gro\u00dfz\u00fcgigkeit die wertvollsten Ernten im Leben sind.<\/p>\n","protected":false},"excerpt":{"rendered":"<p>Es war einmal vor langer Zeit in einem kleinen Dorf namens Fruchtland. In diesem Dorf lebten drei enge Freunde: Emil, Clara und Peter. Sie waren seit ihrer Kindheit unzertrennlich und teilten alles miteinander.<br \/>\nDie Bewohner von Fruchtland waren hart arbeitende Bauern, die das ganze Jahr \u00fcber auf ihren Feldern arbeiteten, um eine reiche Ernte zu erzielen. Und wenn der Herbst kam, war es Zeit f\u00fcr das allj\u00e4hrliche Erntedankfest, bei dem die Menschen ihre Dankbarkeit f\u00fcr die gesegneten Fr\u00fcchte der Erde zum Ausdruck brachten.<\/p>\n","protected":false},"author":1,"featured_media":3813,"comment_status":"closed","ping_status":"closed","sticky":false,"template":"","format":"standard","meta":{"pgc_sgb_lightbox_settings":"","footnotes":""},"categories":[85,133],"tags":[],"class_list":["post-2147","post","type-post","status-publish","format-standard","has-post-thumbnail","hentry","category-maerchen","category-maerchen-weltweit"],"_links":{"self":[{"href":"https:\/\/internet-maerchen.de\/mobile\/wp-json\/wp\/v2\/posts\/2147","targetHints":{"allow":["GET"]}}],"collection":[{"href":"https:\/\/internet-maerchen.de\/mobile\/wp-json\/wp\/v2\/posts"}],"about":[{"href":"https:\/\/internet-maerchen.de\/mobile\/wp-json\/wp\/v2\/types\/post"}],"author":[{"embeddable":true,"href":"https:\/\/internet-maerchen.de\/mobile\/wp-json\/wp\/v2\/users\/1"}],"replies":[{"embeddable":true,"href":"https:\/\/internet-maerchen.de\/mobile\/wp-json\/wp\/v2\/comments?post=2147"}],"version-history":[{"count":3,"href":"https:\/\/internet-maerchen.de\/mobile\/wp-json\/wp\/v2\/posts\/2147\/revisions"}],"predecessor-version":[{"id":3816,"href":"https:\/\/internet-maerchen.de\/mobile\/wp-json\/wp\/v2\/posts\/2147\/revisions\/3816"}],"wp:featuredmedia":[{"embeddable":true,"href":"https:\/\/internet-maerchen.de\/mobile\/wp-json\/wp\/v2\/media\/3813"}],"wp:attachment":[{"href":"https:\/\/internet-maerchen.de\/mobile\/wp-json\/wp\/v2\/media?parent=2147"}],"wp:term":[{"taxonomy":"category","embeddable":true,"href":"https:\/\/internet-maerchen.de\/mobile\/wp-json\/wp\/v2\/categories?post=2147"},{"taxonomy":"post_tag","embeddable":true,"href":"https:\/\/internet-maerchen.de\/mobile\/wp-json\/wp\/v2\/tags?post=2147"}],"curies":[{"name":"wp","href":"https:\/\/api.w.org\/{rel}","templated":true}]}}