{"id":1157,"date":"2020-03-26T01:15:49","date_gmt":"2020-03-26T00:15:49","guid":{"rendered":"https:\/\/internet-maerchen.de\/mobile\/?p=1157"},"modified":"2025-12-28T04:04:11","modified_gmt":"2025-12-28T03:04:11","slug":"der-wolf-und-der-mensch","status":"publish","type":"post","link":"https:\/\/internet-maerchen.de\/mobile\/der-wolf-und-der-mensch\/","title":{"rendered":"Der Wolf und der Mensch"},"content":{"rendered":"\n<p><strong>Gebr\u00fcder Grimm<\/strong><\/p>\n\n\n\n<p>Der Fuchs erz\u00e4hlte einmal dem Wolf von der St\u00e4rke des \nMenschen, kein Tier k\u00f6nnte ihm widerstehen, und sie m\u00fcssten List gebrauchen, um \nsich vor ihm zu erhalten. Da antwortete der Wolf \u201ewenn ich nur einmal einen \nMenschen zu sehen bek\u00e4me, ich wollte doch auf ihn losgehen.\u201c \u201eDazu kann ich dir \nhelfen\u201c, sprach der Fuchs, \u201ekomm nur morgen fr\u00fch zu mir, so will ich dir einen \nzeigen.\u201c Der Wolf stellte sich fr\u00fchzeitig ein, und der Fuchs brachte ihn hinaus \nauf den Weg, den der J\u00e4ger alle Tage ging. Zuerst kam ein alter abgedankter \nSoldat. \u201eIst das ein Mensch?\u201c fragte der Wolf. \u201eNein, \u201c antwortete der Fuchs, \n\u201edas ist einer gewesen.\u201c Danach kam ein kleiner Knabe, der zur Schule wollte. \n\u201eIst das ein Mensch?\u201c \u201eNein, das will erst einer werden.\u201c <\/p>\n\n\n\n<p>Endlich kam der J\u00e4ger, \ndie Doppelflinte auf dem R\u00fccken und den Hirschf\u00e4nger an der Seite. Sprach der \nFuchs zum Wolf \u201esiehst du, dort kommt ein Mensch, auf den musst du losgehen, ich \naber will mich fort in meine H\u00f6hle machen.\u201c Der Wolf ging nun auf den Menschen \nlos, der J\u00e4ger, als er ihn erblickte, sprach \u201ees ist schade, dass ich keine \nKugel geladen habe,\u201c legte an und schoss dem Wolf das Schrot ins Gesicht. Der \nWolf verzog das Gesicht gewaltig, doch lie\u00df er sich nicht schrecken und ging \nvorw\u00e4rts: da gab ihm der J\u00e4ger die zweite Ladung. Der Wolf verbiss den Schmerz \nund r\u00fcckte dem J\u00e4ger zu Leibe: da zog dieser seinen blanken Hirschf\u00e4nger und gab \nihm links und rechts ein paar Hiebe, dass er, \u00fcber und \u00fcber blutend, mit Geheul \nzu dem Fuchs zur\u00fccklief. \u201eNun, Bruder Wolf, \u201c sprach der Fuchs, \u201ewie bist du mit \ndem Menschen fertig worden?\u201c \u201eAch,\u201c antwortete der Wolf, \u201eso hab ich mir die \nSt\u00e4rke des Menschen nicht vorgestellt, erst nahm er einen Stock von der Schulter \nund blies hinein, da flog mir etwas ins Gesicht, das hat mich ganz entsetzlich \ngekitzelt: danach pustete er noch einmal in den Stock, da flog mir&#8217;s um die Nase \nwie Blitz und Hagelwetter, und wie ich ganz nah war, da zog er eine blanke Rippe \naus dem Leib, damit hat er so auf mich losgeschlagen, dass ich beinah tot w\u00e4re \nliegen geblieben.\u201c \u201eSiehst du, \u201c sprach der Fuchs, \u201ewas du f\u00fcr ein Prahlhans \nbist: du wirfst das Beil so weit, dass du&#8217;s nicht wieder holen kannst.\u201c<\/p>\n","protected":false},"excerpt":{"rendered":"<p>Gebr\u00fcder Grimm Der Fuchs erz\u00e4hlte einmal dem Wolf von der St\u00e4rke des Menschen, kein Tier k\u00f6nnte ihm widerstehen, und sie m\u00fcssten List gebrauchen, um sich vor ihm zu erhalten. Da antwortete der Wolf \u201ewenn ich nur einmal einen Menschen zu sehen bek\u00e4me, ich wollte doch auf ihn losgehen.\u201c \u201eDazu kann ich dir helfen\u201c, sprach der [&hellip;]<\/p>\n","protected":false},"author":1,"featured_media":0,"comment_status":"closed","ping_status":"closed","sticky":false,"template":"","format":"standard","meta":{"pgc_sgb_lightbox_settings":"","footnotes":""},"categories":[87,85],"tags":[],"class_list":["post-1157","post","type-post","status-publish","format-standard","hentry","category-gebr-grimm","category-maerchen"],"_links":{"self":[{"href":"https:\/\/internet-maerchen.de\/mobile\/wp-json\/wp\/v2\/posts\/1157","targetHints":{"allow":["GET"]}}],"collection":[{"href":"https:\/\/internet-maerchen.de\/mobile\/wp-json\/wp\/v2\/posts"}],"about":[{"href":"https:\/\/internet-maerchen.de\/mobile\/wp-json\/wp\/v2\/types\/post"}],"author":[{"embeddable":true,"href":"https:\/\/internet-maerchen.de\/mobile\/wp-json\/wp\/v2\/users\/1"}],"replies":[{"embeddable":true,"href":"https:\/\/internet-maerchen.de\/mobile\/wp-json\/wp\/v2\/comments?post=1157"}],"version-history":[{"count":1,"href":"https:\/\/internet-maerchen.de\/mobile\/wp-json\/wp\/v2\/posts\/1157\/revisions"}],"predecessor-version":[{"id":1158,"href":"https:\/\/internet-maerchen.de\/mobile\/wp-json\/wp\/v2\/posts\/1157\/revisions\/1158"}],"wp:attachment":[{"href":"https:\/\/internet-maerchen.de\/mobile\/wp-json\/wp\/v2\/media?parent=1157"}],"wp:term":[{"taxonomy":"category","embeddable":true,"href":"https:\/\/internet-maerchen.de\/mobile\/wp-json\/wp\/v2\/categories?post=1157"},{"taxonomy":"post_tag","embeddable":true,"href":"https:\/\/internet-maerchen.de\/mobile\/wp-json\/wp\/v2\/tags?post=1157"}],"curies":[{"name":"wp","href":"https:\/\/api.w.org\/{rel}","templated":true}]}}